{"id":226377,"date":"2024-07-12T16:25:16","date_gmt":"2024-07-12T14:25:16","guid":{"rendered":"https:\/\/bosbarcelona.com\/?p=226377"},"modified":"2024-10-03T04:15:07","modified_gmt":"2024-10-03T02:15:07","slug":"bos-neocon-2024-evento","status":"publish","type":"post","link":"https:\/\/bosbarcelona.com\/es\/bos-neocon-2024-evento\/","title":{"rendered":"NeoCon 2024"},"content":{"rendered":"<p><strong>NeoCon 2024, la feria de mobiliario de oficina celebrada del 10 al 12 de junio, present\u00f3 dise\u00f1os e ideas innovadores bajo el lema \u00abEl dise\u00f1o toma forma\u00bb en el MART de Chicago<\/strong>. Reconocida como la principal plataforma mundial de dise\u00f1o comercial, NeoCon present\u00f3 una variedad de productos y soluciones adaptados a entornos sanitarios, educativos y corporativos. El evento puso de relieve las infinitas posibilidades del dise\u00f1o, centr\u00e1ndose en la adaptabilidad, el crecimiento y la armon\u00eda.<\/p>\n<p>La 55\u00aa edici\u00f3n de 2024 fue nuestra primera exposici\u00f3n NeoCon como expositor de marca con nuestro socio Bold+ y su incre\u00edble equipo. Nuestro Director Carsten Vestergren y nuestro CEO Marco Ferrero tuvieron unos d\u00edas muy ajetreados&#8230; Estamos muy agradecidos de haber formado parte de este viaje y de la aventura americana en Chicago. Nos lo pasamos en grande y disfrutamos de cada momento durante esta feria con tantas marcas y soluciones de dise\u00f1o.<\/p>\n<p>Para la exposici\u00f3n de nuestro stand, seleccionamos cuidadosamente l\u00edneas modernas y acabados con algunas de nuestras colecciones favoritas\u00a0 con twist moderno y muy adecuados tanto para espacio comercial como corporativo:<\/p>\n<p>&#8211; <strong>Escritorio <a href=\"https:\/\/bosbarcelona.com\/es\/producto\/supra-plus-despacho-alta-direccion\/\">SUPRA PLUS Top Executive<\/a><\/strong><br \/>\n<a href=\"https:\/\/bosbarcelona.com\/es\/producto\/butaca-ejecutiva\/\"><strong>&#8211; Sill\u00f3n ejecutivo Lounge ALEX<\/strong><\/a><br \/>\n<a href=\"https:\/\/bosbarcelona.com\/es\/producto\/palma-sillon-oficina\/\">&#8211; Silla presidencial PALMA<\/a><br \/>\n&#8211; Silla de oficina ligera <a href=\"https:\/\/bosbarcelona.com\/es\/producto\/silla-ejecutiva-ligera\/\">LIGERA Original<\/a><br \/>\n&#8211; &amp; silla de invitado LIGERA Parallel<\/p>\n<p>Tuvimos el privilegio de formar parte de este incre\u00edble evento en el Mart de Chicago, donde se reunieron miles de fabricantes, distribuidores, dise\u00f1adores, arquitectos y lo mejor de la industria del mobiliario de dise\u00f1o y soluciones de oficina.<\/p>\n<p>Gracias a nuestro socio BOLD+ y a su equipo por una oportunidad tan incre\u00edble.<\/p>\n<p>Nos encant\u00f3 la experiencia y su energ\u00eda \u00fanica: m\u00faltiples lanzamientos de productos, emocionantes keynotes, grandes presentaciones y ponentes, eventos de networking y algunos momentos divertidos tambi\u00e9n. Estamos encantados de trabajar con este nuevo mercado, \u00a1est\u00e9n atentos a m\u00e1s noticias!<\/p>\n<p>\u00a1Nos vemos el a\u00f1o que viene!<\/p>\n","protected":false},"excerpt":{"rendered":"<p>NeoCon 2024, la feria de mobiliario de oficina celebrada del 10 al 12 de junio, present\u00f3 dise\u00f1os e ideas innovadores bajo el lema \u00abEl dise\u00f1o toma forma\u00bb en el MART de Chicago. Reconocida como la principal plataforma mundial de dise\u00f1o comercial, NeoCon present\u00f3 una variedad&#8230;<\/p>\n","protected":false},"author":6,"featured_media":226326,"comment_status":"closed","ping_status":"closed","sticky":false,"template":"","format":"standard","meta":{"_acf_changed":false,"inline_featured_image":false,"footnotes":""},"categories":[93,40],"class_list":["post-226377","post","type-post","status-publish","format-standard","has-post-thumbnail","hentry","category-corporate","category-eventos"],"acf":[],"yoast_head":"<!-- This site is optimized with the Yoast SEO plugin v27.5 - https:\/\/yoast.com\/product\/yoast-seo-wordpress\/ -->\n<title>NeoCon 2024 - BOS Barcelona<\/title>\n<meta name=\"robots\" content=\"index, follow, max-snippet:-1, max-image-preview:large, max-video-preview:-1\" \/>\n<link rel=\"canonical\" href=\"https:\/\/bosbarcelona.com\/es\/bos-neocon-2024-evento\/\" \/>\n<meta property=\"og:locale\" content=\"es_ES\" \/>\n<meta property=\"og:type\" content=\"article\" \/>\n<meta property=\"og:title\" content=\"NeoCon 2024 - BOS Barcelona\" \/>\n<meta property=\"og:description\" content=\"NeoCon 2024, la feria de mobiliario de oficina celebrada del 10 al 12 de junio, present\u00f3 dise\u00f1os e ideas innovadores bajo el lema \u00abEl dise\u00f1o toma forma\u00bb en el MART de Chicago. Reconocida como la principal plataforma mundial de dise\u00f1o comercial, NeoCon present\u00f3 una variedad...\" \/>\n<meta property=\"og:url\" content=\"https:\/\/bosbarcelona.com\/es\/bos-neocon-2024-evento\/\" \/>\n<meta property=\"og:site_name\" content=\"BOS Barcelona\" \/>\n<meta property=\"article:published_time\" content=\"2024-07-12T14:25:16+00:00\" \/>\n<meta property=\"article:modified_time\" content=\"2024-10-03T02:15:07+00:00\" \/>\n<meta property=\"og:image\" content=\"https:\/\/bosbarcelona.com\/wp-content\/uploads\/2024\/07\/1ad10c5f-44dc-4066-8208-a49f70f00067-e1727921694821.jpg\" \/>\n\t<meta property=\"og:image:width\" content=\"899\" \/>\n\t<meta property=\"og:image:height\" content=\"1006\" \/>\n\t<meta property=\"og:image:type\" content=\"image\/jpeg\" \/>\n<meta name=\"author\" content=\"Magali Meunier\" \/>\n<meta name=\"twitter:card\" content=\"summary_large_image\" \/>\n<meta name=\"twitter:label1\" content=\"Escrito por\" \/>\n\t<meta name=\"twitter:data1\" content=\"Magali Meunier\" \/>\n\t<meta name=\"twitter:label2\" content=\"Tiempo de lectura\" \/>\n\t<meta name=\"twitter:data2\" content=\"2 minutos\" \/>\n<script type=\"application\/ld+json\" class=\"yoast-schema-graph\">{\"@context\":\"https:\\\/\\\/schema.org\",\"@graph\":[{\"@type\":\"Article\",\"@id\":\"https:\\\/\\\/bosbarcelona.com\\\/es\\\/bos-neocon-2024-evento\\\/#article\",\"isPartOf\":{\"@id\":\"https:\\\/\\\/bosbarcelona.com\\\/es\\\/bos-neocon-2024-evento\\\/\"},\"author\":{\"name\":\"Magali Meunier\",\"@id\":\"https:\\\/\\\/bosbarcelona.com\\\/es\\\/#\\\/schema\\\/person\\\/17457af194f47c6207650b4511434f12\"},\"headline\":\"NeoCon 2024\",\"datePublished\":\"2024-07-12T14:25:16+00:00\",\"dateModified\":\"2024-10-03T02:15:07+00:00\",\"mainEntityOfPage\":{\"@id\":\"https:\\\/\\\/bosbarcelona.com\\\/es\\\/bos-neocon-2024-evento\\\/\"},\"wordCount\":324,\"image\":{\"@id\":\"https:\\\/\\\/bosbarcelona.com\\\/es\\\/bos-neocon-2024-evento\\\/#primaryimage\"},\"thumbnailUrl\":\"https:\\\/\\\/bosbarcelona.com\\\/wp-content\\\/uploads\\\/2024\\\/07\\\/1ad10c5f-44dc-4066-8208-a49f70f00067-e1727921694821.jpg\",\"articleSection\":[\"Corporate\",\"Eventos\"],\"inLanguage\":\"es\"},{\"@type\":\"WebPage\",\"@id\":\"https:\\\/\\\/bosbarcelona.com\\\/es\\\/bos-neocon-2024-evento\\\/\",\"url\":\"https:\\\/\\\/bosbarcelona.com\\\/es\\\/bos-neocon-2024-evento\\\/\",\"name\":\"NeoCon 2024 - BOS Barcelona\",\"isPartOf\":{\"@id\":\"https:\\\/\\\/bosbarcelona.com\\\/es\\\/#website\"},\"primaryImageOfPage\":{\"@id\":\"https:\\\/\\\/bosbarcelona.com\\\/es\\\/bos-neocon-2024-evento\\\/#primaryimage\"},\"image\":{\"@id\":\"https:\\\/\\\/bosbarcelona.com\\\/es\\\/bos-neocon-2024-evento\\\/#primaryimage\"},\"thumbnailUrl\":\"https:\\\/\\\/bosbarcelona.com\\\/wp-content\\\/uploads\\\/2024\\\/07\\\/1ad10c5f-44dc-4066-8208-a49f70f00067-e1727921694821.jpg\",\"datePublished\":\"2024-07-12T14:25:16+00:00\",\"dateModified\":\"2024-10-03T02:15:07+00:00\",\"author\":{\"@id\":\"https:\\\/\\\/bosbarcelona.com\\\/es\\\/#\\\/schema\\\/person\\\/17457af194f47c6207650b4511434f12\"},\"breadcrumb\":{\"@id\":\"https:\\\/\\\/bosbarcelona.com\\\/es\\\/bos-neocon-2024-evento\\\/#breadcrumb\"},\"inLanguage\":\"es\",\"potentialAction\":[{\"@type\":\"ReadAction\",\"target\":[\"https:\\\/\\\/bosbarcelona.com\\\/es\\\/bos-neocon-2024-evento\\\/\"]}]},{\"@type\":\"ImageObject\",\"inLanguage\":\"es\",\"@id\":\"https:\\\/\\\/bosbarcelona.com\\\/es\\\/bos-neocon-2024-evento\\\/#primaryimage\",\"url\":\"https:\\\/\\\/bosbarcelona.com\\\/wp-content\\\/uploads\\\/2024\\\/07\\\/1ad10c5f-44dc-4066-8208-a49f70f00067-e1727921694821.jpg\",\"contentUrl\":\"https:\\\/\\\/bosbarcelona.com\\\/wp-content\\\/uploads\\\/2024\\\/07\\\/1ad10c5f-44dc-4066-8208-a49f70f00067-e1727921694821.jpg\",\"width\":899,\"height\":1006},{\"@type\":\"BreadcrumbList\",\"@id\":\"https:\\\/\\\/bosbarcelona.com\\\/es\\\/bos-neocon-2024-evento\\\/#breadcrumb\",\"itemListElement\":[{\"@type\":\"ListItem\",\"position\":1,\"name\":\"Home\",\"item\":\"https:\\\/\\\/bosbarcelona.com\\\/es\\\/\"},{\"@type\":\"ListItem\",\"position\":2,\"name\":\"NeoCon 2024\"}]},{\"@type\":\"WebSite\",\"@id\":\"https:\\\/\\\/bosbarcelona.com\\\/es\\\/#website\",\"url\":\"https:\\\/\\\/bosbarcelona.com\\\/es\\\/\",\"name\":\"BOS Barcelona\",\"description\":\"\",\"potentialAction\":[{\"@type\":\"SearchAction\",\"target\":{\"@type\":\"EntryPoint\",\"urlTemplate\":\"https:\\\/\\\/bosbarcelona.com\\\/es\\\/?s={search_term_string}\"},\"query-input\":{\"@type\":\"PropertyValueSpecification\",\"valueRequired\":true,\"valueName\":\"search_term_string\"}}],\"inLanguage\":\"es\"},{\"@type\":\"Person\",\"@id\":\"https:\\\/\\\/bosbarcelona.com\\\/es\\\/#\\\/schema\\\/person\\\/17457af194f47c6207650b4511434f12\",\"name\":\"Magali Meunier\",\"image\":{\"@type\":\"ImageObject\",\"inLanguage\":\"es\",\"@id\":\"https:\\\/\\\/secure.gravatar.com\\\/avatar\\\/51db24086885b76f17241014c64ac46d698d9c61de508702056bd3eaca05b7d3?s=96&d=mm&r=g\",\"url\":\"https:\\\/\\\/secure.gravatar.com\\\/avatar\\\/51db24086885b76f17241014c64ac46d698d9c61de508702056bd3eaca05b7d3?s=96&d=mm&r=g\",\"contentUrl\":\"https:\\\/\\\/secure.gravatar.com\\\/avatar\\\/51db24086885b76f17241014c64ac46d698d9c61de508702056bd3eaca05b7d3?s=96&d=mm&r=g\",\"caption\":\"Magali Meunier\"},\"sameAs\":[\"https:\\\/\\\/bosbarcelona.com\"],\"url\":\"https:\\\/\\\/bosbarcelona.com\\\/es\\\/author\\\/mag\\\/\"}]}<\/script>\n<!-- \/ Yoast SEO plugin. -->","yoast_head_json":{"title":"NeoCon 2024 - BOS Barcelona","robots":{"index":"index","follow":"follow","max-snippet":"max-snippet:-1","max-image-preview":"max-image-preview:large","max-video-preview":"max-video-preview:-1"},"canonical":"https:\/\/bosbarcelona.com\/es\/bos-neocon-2024-evento\/","og_locale":"es_ES","og_type":"article","og_title":"NeoCon 2024 - BOS Barcelona","og_description":"NeoCon 2024, la feria de mobiliario de oficina celebrada del 10 al 12 de junio, present\u00f3 dise\u00f1os e ideas innovadores bajo el lema \u00abEl dise\u00f1o toma forma\u00bb en el MART de Chicago. Reconocida como la principal plataforma mundial de dise\u00f1o comercial, NeoCon present\u00f3 una variedad...","og_url":"https:\/\/bosbarcelona.com\/es\/bos-neocon-2024-evento\/","og_site_name":"BOS Barcelona","article_published_time":"2024-07-12T14:25:16+00:00","article_modified_time":"2024-10-03T02:15:07+00:00","og_image":[{"width":899,"height":1006,"url":"https:\/\/bosbarcelona.com\/wp-content\/uploads\/2024\/07\/1ad10c5f-44dc-4066-8208-a49f70f00067-e1727921694821.jpg","type":"image\/jpeg"}],"author":"Magali Meunier","twitter_card":"summary_large_image","twitter_misc":{"Escrito por":"Magali Meunier","Tiempo de lectura":"2 minutos"},"schema":{"@context":"https:\/\/schema.org","@graph":[{"@type":"Article","@id":"https:\/\/bosbarcelona.com\/es\/bos-neocon-2024-evento\/#article","isPartOf":{"@id":"https:\/\/bosbarcelona.com\/es\/bos-neocon-2024-evento\/"},"author":{"name":"Magali Meunier","@id":"https:\/\/bosbarcelona.com\/es\/#\/schema\/person\/17457af194f47c6207650b4511434f12"},"headline":"NeoCon 2024","datePublished":"2024-07-12T14:25:16+00:00","dateModified":"2024-10-03T02:15:07+00:00","mainEntityOfPage":{"@id":"https:\/\/bosbarcelona.com\/es\/bos-neocon-2024-evento\/"},"wordCount":324,"image":{"@id":"https:\/\/bosbarcelona.com\/es\/bos-neocon-2024-evento\/#primaryimage"},"thumbnailUrl":"https:\/\/bosbarcelona.com\/wp-content\/uploads\/2024\/07\/1ad10c5f-44dc-4066-8208-a49f70f00067-e1727921694821.jpg","articleSection":["Corporate","Eventos"],"inLanguage":"es"},{"@type":"WebPage","@id":"https:\/\/bosbarcelona.com\/es\/bos-neocon-2024-evento\/","url":"https:\/\/bosbarcelona.com\/es\/bos-neocon-2024-evento\/","name":"NeoCon 2024 - BOS Barcelona","isPartOf":{"@id":"https:\/\/bosbarcelona.com\/es\/#website"},"primaryImageOfPage":{"@id":"https:\/\/bosbarcelona.com\/es\/bos-neocon-2024-evento\/#primaryimage"},"image":{"@id":"https:\/\/bosbarcelona.com\/es\/bos-neocon-2024-evento\/#primaryimage"},"thumbnailUrl":"https:\/\/bosbarcelona.com\/wp-content\/uploads\/2024\/07\/1ad10c5f-44dc-4066-8208-a49f70f00067-e1727921694821.jpg","datePublished":"2024-07-12T14:25:16+00:00","dateModified":"2024-10-03T02:15:07+00:00","author":{"@id":"https:\/\/bosbarcelona.com\/es\/#\/schema\/person\/17457af194f47c6207650b4511434f12"},"breadcrumb":{"@id":"https:\/\/bosbarcelona.com\/es\/bos-neocon-2024-evento\/#breadcrumb"},"inLanguage":"es","potentialAction":[{"@type":"ReadAction","target":["https:\/\/bosbarcelona.com\/es\/bos-neocon-2024-evento\/"]}]},{"@type":"ImageObject","inLanguage":"es","@id":"https:\/\/bosbarcelona.com\/es\/bos-neocon-2024-evento\/#primaryimage","url":"https:\/\/bosbarcelona.com\/wp-content\/uploads\/2024\/07\/1ad10c5f-44dc-4066-8208-a49f70f00067-e1727921694821.jpg","contentUrl":"https:\/\/bosbarcelona.com\/wp-content\/uploads\/2024\/07\/1ad10c5f-44dc-4066-8208-a49f70f00067-e1727921694821.jpg","width":899,"height":1006},{"@type":"BreadcrumbList","@id":"https:\/\/bosbarcelona.com\/es\/bos-neocon-2024-evento\/#breadcrumb","itemListElement":[{"@type":"ListItem","position":1,"name":"Home","item":"https:\/\/bosbarcelona.com\/es\/"},{"@type":"ListItem","position":2,"name":"NeoCon 2024"}]},{"@type":"WebSite","@id":"https:\/\/bosbarcelona.com\/es\/#website","url":"https:\/\/bosbarcelona.com\/es\/","name":"BOS Barcelona","description":"","potentialAction":[{"@type":"SearchAction","target":{"@type":"EntryPoint","urlTemplate":"https:\/\/bosbarcelona.com\/es\/?s={search_term_string}"},"query-input":{"@type":"PropertyValueSpecification","valueRequired":true,"valueName":"search_term_string"}}],"inLanguage":"es"},{"@type":"Person","@id":"https:\/\/bosbarcelona.com\/es\/#\/schema\/person\/17457af194f47c6207650b4511434f12","name":"Magali Meunier","image":{"@type":"ImageObject","inLanguage":"es","@id":"https:\/\/secure.gravatar.com\/avatar\/51db24086885b76f17241014c64ac46d698d9c61de508702056bd3eaca05b7d3?s=96&d=mm&r=g","url":"https:\/\/secure.gravatar.com\/avatar\/51db24086885b76f17241014c64ac46d698d9c61de508702056bd3eaca05b7d3?s=96&d=mm&r=g","contentUrl":"https:\/\/secure.gravatar.com\/avatar\/51db24086885b76f17241014c64ac46d698d9c61de508702056bd3eaca05b7d3?s=96&d=mm&r=g","caption":"Magali Meunier"},"sameAs":["https:\/\/bosbarcelona.com"],"url":"https:\/\/bosbarcelona.com\/es\/author\/mag\/"}]}},"_links":{"self":[{"href":"https:\/\/bosbarcelona.com\/es\/wp-json\/wp\/v2\/posts\/226377","targetHints":{"allow":["GET"]}}],"collection":[{"href":"https:\/\/bosbarcelona.com\/es\/wp-json\/wp\/v2\/posts"}],"about":[{"href":"https:\/\/bosbarcelona.com\/es\/wp-json\/wp\/v2\/types\/post"}],"author":[{"embeddable":true,"href":"https:\/\/bosbarcelona.com\/es\/wp-json\/wp\/v2\/users\/6"}],"replies":[{"embeddable":true,"href":"https:\/\/bosbarcelona.com\/es\/wp-json\/wp\/v2\/comments?post=226377"}],"version-history":[{"count":1,"href":"https:\/\/bosbarcelona.com\/es\/wp-json\/wp\/v2\/posts\/226377\/revisions"}],"predecessor-version":[{"id":226378,"href":"https:\/\/bosbarcelona.com\/es\/wp-json\/wp\/v2\/posts\/226377\/revisions\/226378"}],"wp:featuredmedia":[{"embeddable":true,"href":"https:\/\/bosbarcelona.com\/es\/wp-json\/wp\/v2\/media\/226326"}],"wp:attachment":[{"href":"https:\/\/bosbarcelona.com\/es\/wp-json\/wp\/v2\/media?parent=226377"}],"wp:term":[{"taxonomy":"category","embeddable":true,"href":"https:\/\/bosbarcelona.com\/es\/wp-json\/wp\/v2\/categories?post=226377"}],"curies":[{"name":"wp","href":"https:\/\/api.w.org\/{rel}","templated":true}]}}