{"id":231497,"date":"2025-07-19T00:56:36","date_gmt":"2025-07-18T22:56:36","guid":{"rendered":"https:\/\/bosbarcelona.com\/?p=231497"},"modified":"2025-07-19T00:57:38","modified_gmt":"2025-07-18T22:57:38","slug":"nuevo-showroom","status":"publish","type":"post","link":"https:\/\/bosbarcelona.com\/es\/nuevo-showroom\/","title":{"rendered":"Nuevo Showroom"},"content":{"rendered":"<p>\u00a1Aviso de un nuevo espacio de exposici\u00f3n!<br \/>\n\u00a1Hemos inaugurado un nuevo\u00a0 showroom en nuestra sede central en la regi\u00f3n de Barcelona!<\/p>\n<p>Descubra nuestros \u00faltimos lanzamientos de productos, los m\u00e1s vendidos en nuevos acabados y dise\u00f1os exclusivos, todo ello en un inspirador espacio de 300 m\u00b2.<\/p>\n<p>Presentada por primera vez durante nuestro BOS Barcelona Weekend, esta sala de exposici\u00f3n refleja el ADN de nuestra marca: atemporal, elegante y vanguardista.<br \/>\nPodr\u00e1 ver nuestras colecciones m\u00e1s vendidas y nuestras piezas favoritas con nuevos acabados y diferentes espacios y configuraciones, desde escritorios ejecutivos hasta zonas de recepci\u00f3n con sof\u00e1s y sillones, pasando por nuestras nuevas colecciones.<\/p>\n<p>Ya est\u00e1 abierta, venga a descubrir el futuro del mobiliario ejecutivo.<\/p>\n<p>&nbsp;<\/p>\n","protected":false},"excerpt":{"rendered":"<p>\u00a1Aviso de un nuevo espacio de exposici\u00f3n! \u00a1Hemos inaugurado un nuevo\u00a0 showroom en nuestra sede central en la regi\u00f3n de Barcelona! Descubra nuestros \u00faltimos lanzamientos de productos, los m\u00e1s vendidos en nuevos acabados y dise\u00f1os exclusivos, todo ello en un inspirador espacio de 300 m\u00b2&#8230;.<\/p>\n","protected":false},"author":6,"featured_media":231493,"comment_status":"closed","ping_status":"closed","sticky":false,"template":"","format":"standard","meta":{"_acf_changed":false,"inline_featured_image":false,"footnotes":""},"categories":[93,40],"class_list":["post-231497","post","type-post","status-publish","format-standard","has-post-thumbnail","hentry","category-corporate","category-eventos"],"acf":[],"yoast_head":"<!-- This site is optimized with the Yoast SEO plugin v27.5 - https:\/\/yoast.com\/product\/yoast-seo-wordpress\/ -->\n<title>Nuevo Showroom - BOS Barcelona<\/title>\n<meta name=\"description\" content=\"Hemos inaugurado un nuevo\u00a0 showroom en nuestra sede central en la regi\u00f3n de Barcelona de 300m2 para nuestras colecciones de muebles.\" \/>\n<meta name=\"robots\" content=\"index, follow, max-snippet:-1, max-image-preview:large, max-video-preview:-1\" \/>\n<link rel=\"canonical\" href=\"https:\/\/bosbarcelona.com\/es\/nuevo-showroom\/\" \/>\n<meta property=\"og:locale\" content=\"es_ES\" \/>\n<meta property=\"og:type\" content=\"article\" \/>\n<meta property=\"og:title\" content=\"Nuevo Showroom - BOS Barcelona\" \/>\n<meta property=\"og:description\" content=\"Hemos inaugurado un nuevo\u00a0 showroom en nuestra sede central en la regi\u00f3n de Barcelona de 300m2 para nuestras colecciones de muebles.\" \/>\n<meta property=\"og:url\" content=\"https:\/\/bosbarcelona.com\/es\/nuevo-showroom\/\" \/>\n<meta property=\"og:site_name\" content=\"BOS Barcelona\" \/>\n<meta property=\"article:published_time\" content=\"2025-07-18T22:56:36+00:00\" \/>\n<meta property=\"article:modified_time\" content=\"2025-07-18T22:57:38+00:00\" \/>\n<meta property=\"og:image\" content=\"https:\/\/bosbarcelona.com\/wp-content\/uploads\/2025\/07\/1749125719714.jpeg\" \/>\n\t<meta property=\"og:image:width\" content=\"1280\" \/>\n\t<meta property=\"og:image:height\" content=\"1706\" \/>\n\t<meta property=\"og:image:type\" content=\"image\/jpeg\" \/>\n<meta name=\"author\" content=\"Magali Meunier\" \/>\n<meta name=\"twitter:card\" content=\"summary_large_image\" \/>\n<meta name=\"twitter:label1\" content=\"Escrito por\" \/>\n\t<meta name=\"twitter:data1\" content=\"Magali Meunier\" \/>\n\t<meta name=\"twitter:label2\" content=\"Tiempo de lectura\" \/>\n\t<meta name=\"twitter:data2\" content=\"1 minuto\" \/>\n<script type=\"application\/ld+json\" class=\"yoast-schema-graph\">{\"@context\":\"https:\\\/\\\/schema.org\",\"@graph\":[{\"@type\":\"Article\",\"@id\":\"https:\\\/\\\/bosbarcelona.com\\\/es\\\/nuevo-showroom\\\/#article\",\"isPartOf\":{\"@id\":\"https:\\\/\\\/bosbarcelona.com\\\/es\\\/nuevo-showroom\\\/\"},\"author\":{\"name\":\"Magali Meunier\",\"@id\":\"https:\\\/\\\/bosbarcelona.com\\\/es\\\/#\\\/schema\\\/person\\\/17457af194f47c6207650b4511434f12\"},\"headline\":\"Nuevo Showroom\",\"datePublished\":\"2025-07-18T22:56:36+00:00\",\"dateModified\":\"2025-07-18T22:57:38+00:00\",\"mainEntityOfPage\":{\"@id\":\"https:\\\/\\\/bosbarcelona.com\\\/es\\\/nuevo-showroom\\\/\"},\"wordCount\":123,\"image\":{\"@id\":\"https:\\\/\\\/bosbarcelona.com\\\/es\\\/nuevo-showroom\\\/#primaryimage\"},\"thumbnailUrl\":\"https:\\\/\\\/bosbarcelona.com\\\/wp-content\\\/uploads\\\/2025\\\/07\\\/1749125719714.jpeg\",\"articleSection\":[\"Corporate\",\"Eventos\"],\"inLanguage\":\"es\"},{\"@type\":\"WebPage\",\"@id\":\"https:\\\/\\\/bosbarcelona.com\\\/es\\\/nuevo-showroom\\\/\",\"url\":\"https:\\\/\\\/bosbarcelona.com\\\/es\\\/nuevo-showroom\\\/\",\"name\":\"Nuevo Showroom - BOS Barcelona\",\"isPartOf\":{\"@id\":\"https:\\\/\\\/bosbarcelona.com\\\/es\\\/#website\"},\"primaryImageOfPage\":{\"@id\":\"https:\\\/\\\/bosbarcelona.com\\\/es\\\/nuevo-showroom\\\/#primaryimage\"},\"image\":{\"@id\":\"https:\\\/\\\/bosbarcelona.com\\\/es\\\/nuevo-showroom\\\/#primaryimage\"},\"thumbnailUrl\":\"https:\\\/\\\/bosbarcelona.com\\\/wp-content\\\/uploads\\\/2025\\\/07\\\/1749125719714.jpeg\",\"datePublished\":\"2025-07-18T22:56:36+00:00\",\"dateModified\":\"2025-07-18T22:57:38+00:00\",\"author\":{\"@id\":\"https:\\\/\\\/bosbarcelona.com\\\/es\\\/#\\\/schema\\\/person\\\/17457af194f47c6207650b4511434f12\"},\"description\":\"Hemos inaugurado un nuevo\u00a0 showroom en nuestra sede central en la regi\u00f3n de Barcelona de 300m2 para nuestras colecciones de muebles.\",\"breadcrumb\":{\"@id\":\"https:\\\/\\\/bosbarcelona.com\\\/es\\\/nuevo-showroom\\\/#breadcrumb\"},\"inLanguage\":\"es\",\"potentialAction\":[{\"@type\":\"ReadAction\",\"target\":[\"https:\\\/\\\/bosbarcelona.com\\\/es\\\/nuevo-showroom\\\/\"]}]},{\"@type\":\"ImageObject\",\"inLanguage\":\"es\",\"@id\":\"https:\\\/\\\/bosbarcelona.com\\\/es\\\/nuevo-showroom\\\/#primaryimage\",\"url\":\"https:\\\/\\\/bosbarcelona.com\\\/wp-content\\\/uploads\\\/2025\\\/07\\\/1749125719714.jpeg\",\"contentUrl\":\"https:\\\/\\\/bosbarcelona.com\\\/wp-content\\\/uploads\\\/2025\\\/07\\\/1749125719714.jpeg\",\"width\":1280,\"height\":1706,\"caption\":\"showroom granollers 5\"},{\"@type\":\"BreadcrumbList\",\"@id\":\"https:\\\/\\\/bosbarcelona.com\\\/es\\\/nuevo-showroom\\\/#breadcrumb\",\"itemListElement\":[{\"@type\":\"ListItem\",\"position\":1,\"name\":\"Home\",\"item\":\"https:\\\/\\\/bosbarcelona.com\\\/es\\\/\"},{\"@type\":\"ListItem\",\"position\":2,\"name\":\"Nuevo Showroom\"}]},{\"@type\":\"WebSite\",\"@id\":\"https:\\\/\\\/bosbarcelona.com\\\/es\\\/#website\",\"url\":\"https:\\\/\\\/bosbarcelona.com\\\/es\\\/\",\"name\":\"BOS Barcelona\",\"description\":\"\",\"potentialAction\":[{\"@type\":\"SearchAction\",\"target\":{\"@type\":\"EntryPoint\",\"urlTemplate\":\"https:\\\/\\\/bosbarcelona.com\\\/es\\\/?s={search_term_string}\"},\"query-input\":{\"@type\":\"PropertyValueSpecification\",\"valueRequired\":true,\"valueName\":\"search_term_string\"}}],\"inLanguage\":\"es\"},{\"@type\":\"Person\",\"@id\":\"https:\\\/\\\/bosbarcelona.com\\\/es\\\/#\\\/schema\\\/person\\\/17457af194f47c6207650b4511434f12\",\"name\":\"Magali Meunier\",\"image\":{\"@type\":\"ImageObject\",\"inLanguage\":\"es\",\"@id\":\"https:\\\/\\\/secure.gravatar.com\\\/avatar\\\/51db24086885b76f17241014c64ac46d698d9c61de508702056bd3eaca05b7d3?s=96&d=mm&r=g\",\"url\":\"https:\\\/\\\/secure.gravatar.com\\\/avatar\\\/51db24086885b76f17241014c64ac46d698d9c61de508702056bd3eaca05b7d3?s=96&d=mm&r=g\",\"contentUrl\":\"https:\\\/\\\/secure.gravatar.com\\\/avatar\\\/51db24086885b76f17241014c64ac46d698d9c61de508702056bd3eaca05b7d3?s=96&d=mm&r=g\",\"caption\":\"Magali Meunier\"},\"sameAs\":[\"https:\\\/\\\/bosbarcelona.com\"],\"url\":\"https:\\\/\\\/bosbarcelona.com\\\/es\\\/author\\\/mag\\\/\"}]}<\/script>\n<!-- \/ Yoast SEO plugin. -->","yoast_head_json":{"title":"Nuevo Showroom - BOS Barcelona","description":"Hemos inaugurado un nuevo\u00a0 showroom en nuestra sede central en la regi\u00f3n de Barcelona de 300m2 para nuestras colecciones de muebles.","robots":{"index":"index","follow":"follow","max-snippet":"max-snippet:-1","max-image-preview":"max-image-preview:large","max-video-preview":"max-video-preview:-1"},"canonical":"https:\/\/bosbarcelona.com\/es\/nuevo-showroom\/","og_locale":"es_ES","og_type":"article","og_title":"Nuevo Showroom - BOS Barcelona","og_description":"Hemos inaugurado un nuevo\u00a0 showroom en nuestra sede central en la regi\u00f3n de Barcelona de 300m2 para nuestras colecciones de muebles.","og_url":"https:\/\/bosbarcelona.com\/es\/nuevo-showroom\/","og_site_name":"BOS Barcelona","article_published_time":"2025-07-18T22:56:36+00:00","article_modified_time":"2025-07-18T22:57:38+00:00","og_image":[{"width":1280,"height":1706,"url":"https:\/\/bosbarcelona.com\/wp-content\/uploads\/2025\/07\/1749125719714.jpeg","type":"image\/jpeg"}],"author":"Magali Meunier","twitter_card":"summary_large_image","twitter_misc":{"Escrito por":"Magali Meunier","Tiempo de lectura":"1 minuto"},"schema":{"@context":"https:\/\/schema.org","@graph":[{"@type":"Article","@id":"https:\/\/bosbarcelona.com\/es\/nuevo-showroom\/#article","isPartOf":{"@id":"https:\/\/bosbarcelona.com\/es\/nuevo-showroom\/"},"author":{"name":"Magali Meunier","@id":"https:\/\/bosbarcelona.com\/es\/#\/schema\/person\/17457af194f47c6207650b4511434f12"},"headline":"Nuevo Showroom","datePublished":"2025-07-18T22:56:36+00:00","dateModified":"2025-07-18T22:57:38+00:00","mainEntityOfPage":{"@id":"https:\/\/bosbarcelona.com\/es\/nuevo-showroom\/"},"wordCount":123,"image":{"@id":"https:\/\/bosbarcelona.com\/es\/nuevo-showroom\/#primaryimage"},"thumbnailUrl":"https:\/\/bosbarcelona.com\/wp-content\/uploads\/2025\/07\/1749125719714.jpeg","articleSection":["Corporate","Eventos"],"inLanguage":"es"},{"@type":"WebPage","@id":"https:\/\/bosbarcelona.com\/es\/nuevo-showroom\/","url":"https:\/\/bosbarcelona.com\/es\/nuevo-showroom\/","name":"Nuevo Showroom - BOS Barcelona","isPartOf":{"@id":"https:\/\/bosbarcelona.com\/es\/#website"},"primaryImageOfPage":{"@id":"https:\/\/bosbarcelona.com\/es\/nuevo-showroom\/#primaryimage"},"image":{"@id":"https:\/\/bosbarcelona.com\/es\/nuevo-showroom\/#primaryimage"},"thumbnailUrl":"https:\/\/bosbarcelona.com\/wp-content\/uploads\/2025\/07\/1749125719714.jpeg","datePublished":"2025-07-18T22:56:36+00:00","dateModified":"2025-07-18T22:57:38+00:00","author":{"@id":"https:\/\/bosbarcelona.com\/es\/#\/schema\/person\/17457af194f47c6207650b4511434f12"},"description":"Hemos inaugurado un nuevo\u00a0 showroom en nuestra sede central en la regi\u00f3n de Barcelona de 300m2 para nuestras colecciones de muebles.","breadcrumb":{"@id":"https:\/\/bosbarcelona.com\/es\/nuevo-showroom\/#breadcrumb"},"inLanguage":"es","potentialAction":[{"@type":"ReadAction","target":["https:\/\/bosbarcelona.com\/es\/nuevo-showroom\/"]}]},{"@type":"ImageObject","inLanguage":"es","@id":"https:\/\/bosbarcelona.com\/es\/nuevo-showroom\/#primaryimage","url":"https:\/\/bosbarcelona.com\/wp-content\/uploads\/2025\/07\/1749125719714.jpeg","contentUrl":"https:\/\/bosbarcelona.com\/wp-content\/uploads\/2025\/07\/1749125719714.jpeg","width":1280,"height":1706,"caption":"showroom granollers 5"},{"@type":"BreadcrumbList","@id":"https:\/\/bosbarcelona.com\/es\/nuevo-showroom\/#breadcrumb","itemListElement":[{"@type":"ListItem","position":1,"name":"Home","item":"https:\/\/bosbarcelona.com\/es\/"},{"@type":"ListItem","position":2,"name":"Nuevo Showroom"}]},{"@type":"WebSite","@id":"https:\/\/bosbarcelona.com\/es\/#website","url":"https:\/\/bosbarcelona.com\/es\/","name":"BOS Barcelona","description":"","potentialAction":[{"@type":"SearchAction","target":{"@type":"EntryPoint","urlTemplate":"https:\/\/bosbarcelona.com\/es\/?s={search_term_string}"},"query-input":{"@type":"PropertyValueSpecification","valueRequired":true,"valueName":"search_term_string"}}],"inLanguage":"es"},{"@type":"Person","@id":"https:\/\/bosbarcelona.com\/es\/#\/schema\/person\/17457af194f47c6207650b4511434f12","name":"Magali Meunier","image":{"@type":"ImageObject","inLanguage":"es","@id":"https:\/\/secure.gravatar.com\/avatar\/51db24086885b76f17241014c64ac46d698d9c61de508702056bd3eaca05b7d3?s=96&d=mm&r=g","url":"https:\/\/secure.gravatar.com\/avatar\/51db24086885b76f17241014c64ac46d698d9c61de508702056bd3eaca05b7d3?s=96&d=mm&r=g","contentUrl":"https:\/\/secure.gravatar.com\/avatar\/51db24086885b76f17241014c64ac46d698d9c61de508702056bd3eaca05b7d3?s=96&d=mm&r=g","caption":"Magali Meunier"},"sameAs":["https:\/\/bosbarcelona.com"],"url":"https:\/\/bosbarcelona.com\/es\/author\/mag\/"}]}},"_links":{"self":[{"href":"https:\/\/bosbarcelona.com\/es\/wp-json\/wp\/v2\/posts\/231497","targetHints":{"allow":["GET"]}}],"collection":[{"href":"https:\/\/bosbarcelona.com\/es\/wp-json\/wp\/v2\/posts"}],"about":[{"href":"https:\/\/bosbarcelona.com\/es\/wp-json\/wp\/v2\/types\/post"}],"author":[{"embeddable":true,"href":"https:\/\/bosbarcelona.com\/es\/wp-json\/wp\/v2\/users\/6"}],"replies":[{"embeddable":true,"href":"https:\/\/bosbarcelona.com\/es\/wp-json\/wp\/v2\/comments?post=231497"}],"version-history":[{"count":1,"href":"https:\/\/bosbarcelona.com\/es\/wp-json\/wp\/v2\/posts\/231497\/revisions"}],"predecessor-version":[{"id":231498,"href":"https:\/\/bosbarcelona.com\/es\/wp-json\/wp\/v2\/posts\/231497\/revisions\/231498"}],"wp:featuredmedia":[{"embeddable":true,"href":"https:\/\/bosbarcelona.com\/es\/wp-json\/wp\/v2\/media\/231493"}],"wp:attachment":[{"href":"https:\/\/bosbarcelona.com\/es\/wp-json\/wp\/v2\/media?parent=231497"}],"wp:term":[{"taxonomy":"category","embeddable":true,"href":"https:\/\/bosbarcelona.com\/es\/wp-json\/wp\/v2\/categories?post=231497"}],"curies":[{"name":"wp","href":"https:\/\/api.w.org\/{rel}","templated":true}]}}